[{"@context":"https:\/\/schema.org\/","@type":"Article","@id":"https:\/\/www.hastall.cz\/nenechte-se-prevalcovat-tropickymi-vedry\/#Article","mainEntityOfPage":"https:\/\/www.hastall.cz\/nenechte-se-prevalcovat-tropickymi-vedry\/","headline":"Nenechte se p\u0159ev\u00e1lcovat tropick\u00fdmi vedry","name":"Nenechte se p\u0159ev\u00e1lcovat tropick\u00fdmi vedry","description":"L\u00e9to pat\u0159\u00ed k nejkr\u00e1sn\u011bj\u0161\u00edm obdob\u00edm v na\u0161em \u017eivot\u011b a souvis\u00ed i s pr\u00e1zdninami, kdy d\u011btem kon\u010d\u00ed \u0161koln\u00ed vyu\u010dov\u00e1n\u00ed a za\u010d\u00ednaj\u00ed zaslou\u017een\u00e9 dva m\u011bs\u00edce volna. Na pr\u00e1zdniny se t\u011b\u0161\u00ed snad ka\u017ed\u00fd \u0161kol\u00e1k, proto\u017ee si uv\u011bdomuje, \u017ee m\u00e1 p\u0159ed sebou tolik voln\u00fdch dn\u016f, s nimi\u017e m\u016f\u017ee nakl\u00e1dat po sv\u00e9m, jak je libo. Dosp\u011bl\u00ed to u\u017e tak snadn\u00e9<a class=\"continue-link\" href=\"https:\/\/www.hastall.cz\/nenechte-se-prevalcovat-tropickymi-vedry\/\">...(P\u0159e\u010d\u00edst \u010dl\u00e1nek)<\/a>","datePublished":"2023-01-14","dateModified":"2023-05-06","author":{"@type":"Person","@id":"https:\/\/www.hastall.cz\/author\/#Person","name":"","url":"https:\/\/www.hastall.cz\/author\/","identifier":1,"image":{"@type":"ImageObject","@id":"https:\/\/secure.gravatar.com\/avatar\/d693d76da4b3c2905ed32515295d3c5b2b37600a891f276917d3d592948bcc60?s=96&d=mm&r=g","url":"https:\/\/secure.gravatar.com\/avatar\/d693d76da4b3c2905ed32515295d3c5b2b37600a891f276917d3d592948bcc60?s=96&d=mm&r=g","height":96,"width":96}},"publisher":{"@type":"Organization","name":"hastall.cz","logo":{"@type":"ImageObject","@id":"\/logo.png","url":"\/logo.png","width":600,"height":60}},"image":{"@type":"ImageObject","@id":"https:\/\/www.hastall.cz\/wp-content\/uploads\/air-conditioner-6605973_640_10_7.jpg","url":"https:\/\/www.hastall.cz\/wp-content\/uploads\/air-conditioner-6605973_640_10_7.jpg","height":0,"width":0},"url":"https:\/\/www.hastall.cz\/nenechte-se-prevalcovat-tropickymi-vedry\/","about":["V\u00fdrobky"],"wordCount":461,"articleBody":"   L\u00e9to pat\u0159\u00ed k nejkr\u00e1sn\u011bj\u0161\u00edm obdob\u00edm v na\u0161em \u017eivot\u011b a souvis\u00ed i s pr\u00e1zdninami, kdy d\u011btem kon\u010d\u00ed \u0161koln\u00ed vyu\u010dov\u00e1n\u00ed a za\u010d\u00ednaj\u00ed zaslou\u017een\u00e9 dva m\u011bs\u00edce volna. Na pr\u00e1zdniny se t\u011b\u0161\u00ed snad ka\u017ed\u00fd \u0161kol\u00e1k, proto\u017ee si uv\u011bdomuje, \u017ee m\u00e1 p\u0159ed sebou tolik voln\u00fdch dn\u016f, s nimi\u017e m\u016f\u017ee nakl\u00e1dat po sv\u00e9m, jak je libo.Dosp\u011bl\u00ed to u\u017e tak snadn\u00e9 nemaj\u00ed, ti mus\u00ed pracovat mnohem d\u00e9le, a doba dovolen\u00fdch se v\u00fdrazn\u011b zkracuje jen na n\u011bkolik t\u00fddn\u016f. Ne v\u017edy se tedy poda\u0159\u00ed v letn\u00edm obdob\u00ed, jak se \u0159\u00edk\u00e1, vypadnout z m\u011bsta a u\u017e\u00edt si tepl\u00e9ho po\u010das\u00ed n\u011bkde v p\u0159\u00edrod\u011b, u \u0159eky, v lese, v hor\u00e1ch \u010di u mo\u0159e. Pracovn\u00ed dny str\u00e1ven\u00e9 v letn\u00edm obdob\u00ed se sna\u017e\u00edme usnadnit na pracovi\u0161t\u00edch zejm\u00e9na klimatizac\u00ed, ale co doma? Jestli\u017ee je tu bytov\u00e1 klimatizace https:\/\/elmontech.cz\/klimatizace\/ pouhou fikc\u00ed, a po p\u0159\u00edchodu ze zam\u011bstn\u00e1n\u00ed n\u00e1s doma p\u0159iv\u00edt\u00e1 vedro p\u0159es t\u0159icet stup\u0148\u016f, m\u016f\u017eeme b\u00fdt ohro\u017eeni \u00fapalem. Co je na \u00fapalu vlastn\u011b nebezpe\u010dn\u00e9ho?Kombinace \u00fapalu a pracovn\u00edho p\u0159et\u00ed\u017een\u00ed \u010di \u00fanavy \u2013 \u00fapal je p\u0159eh\u0159\u00e1t\u00ed organismu, doch\u00e1z\u00ed p\u0159i n\u011bm ke zv\u00fd\u0161en\u00ed t\u011blesn\u00e9 teploty, a pokud se k tomu p\u0159id\u00e1 je\u0161t\u011b z\u00e1t\u011b\u017e v podob\u011b \u00fanavy z p\u0159epracov\u00e1n\u00ed, z j\u00edzdy hromadn\u00fdmi dopravn\u00edmi prost\u0159edky a z ch\u016fze po m\u011bst\u011b, m\u016f\u017ee to b\u00fdt velmi nebezpe\u010dn\u00fd jev, ohro\u017euj\u00edc\u00ed \u017eivot. Na \u00fapal m\u016f\u017eete i zem\u0159\u00edt.Infarkty a c\u00e9vn\u00ed mozkov\u00e9 p\u0159\u00edhody \u2013 lid\u00e9, kte\u0159\u00ed pat\u0159\u00ed do t\u00e9to rizikov\u00e9 skupiny, jsou \u00fapalem ohro\u017eeni nejv\u00edce. Ti by m\u011bli b\u00fdt chr\u00e1n\u011bn\u00ed klimatizac\u00ed v ka\u017ed\u00e9m p\u0159\u00edpad\u011b, anebo pokud ji nemaj\u00ed, m\u011bli by m\u011bsto v\u010das opustit a tr\u00e1vit letn\u00ed vedra n\u011bkde na venkov\u011b, nap\u0159. na chalup\u011b.Deficit magn\u00e9zia \u2013 zna\u010dn\u00fdm probl\u00e9mem je nedostatek ho\u0159\u010d\u00edku (magn\u00e9zia) v organismu, kter\u00fd se nav\u00edc obt\u00ed\u017en\u011b diagnostikuje. T\u00edmto probl\u00e9mem trp\u00ed dle vyj\u00e1d\u0159en\u00ed odborn\u00edk\u016f, v\u00edce ne\u017e t\u0159etina lid\u00ed v \u010cesk\u00e9 republice. Deficit magn\u00e9zia p\u0159isp\u00edv\u00e1 k velmi \u0161patn\u00e9mu zvl\u00e1d\u00e1n\u00ed stresu a mimo jin\u00e9 i letn\u00edch veder. M\u016f\u017ee doj\u00edt i ke kolapsu organismu a pobytu v nemocnici. Nedostatek ho\u0159\u010d\u00edku nav\u00edc p\u0159isp\u00edv\u00e1 k infarktu a mozkov\u00e9 mrtvici, co\u017e je pr\u00e1v\u011b v l\u00e9t\u011b \u010dast\u00fdm d\u016fvodem p\u0159ed\u010dasn\u00e9ho \u00famrt\u00ed.                                                                                                                                                                                                                                                                                                                                                                                          4\/5 - (8 votes)        "},{"@context":"https:\/\/schema.org\/","@type":"BreadcrumbList","itemListElement":[{"@type":"ListItem","position":1,"name":"Nenechte se p\u0159ev\u00e1lcovat tropick\u00fdmi vedry","item":"https:\/\/www.hastall.cz\/nenechte-se-prevalcovat-tropickymi-vedry\/#breadcrumbitem"}]}]